{"id":1770,"date":"2024-06-28T09:50:22","date_gmt":"2024-06-28T07:50:22","guid":{"rendered":"https:\/\/actu.inexence.group\/?p=1770"},"modified":"2024-08-31T20:36:37","modified_gmt":"2024-08-31T18:36:37","slug":"%f0%9f%8c%89-une-belle-operation-sur-la-future-zac-pierrefonds-village","status":"publish","type":"post","link":"https:\/\/actu.inexence.group\/en\/%f0%9f%8c%89-une-belle-operation-sur-la-future-zac-pierrefonds-village\/","title":{"rendered":"? Une belle op\u00e9ration sur la future ZAC Pierrefonds Village !"},"content":{"rendered":"<p>Nous sommes ravis de vous partager l&rsquo;\u00e9volution d&rsquo;une op\u00e9ration majeure en cours sur la ZAC Pierrefonds Village, avec la cr\u00e9ation d\u2019une passerelle pi\u00e9tonne et cyclable ?\u200d\u2642\ufe0f?\u200d\u2642\ufe0f enjambant la RN1 pour relier deux projets significatifs du Grand Sud :<\/p>\n<p>\u2022 C\u00f4t\u00e9 mer ? : La CIVIS d\u00e9veloppe une zone \u00e9conomique pr\u00e8s de l\u2019a\u00e9roport de Pierrefonds, la ZAC de Roland Hoareau.<br \/>\n\u2022 C\u00f4t\u00e9 montagne ?\ufe0f : La Ville de Saint Pierre pr\u00e9voit une zone d\u00e9di\u00e9e \u00e0 l\u2019habitat et aux \u00e9quipements, la ZAC de Pierrefonds Village.<\/p>\n<p>Dans ce cadre, le groupement PICO\/BERTHOLD\/INEXENCE REALISATION OI intervient avec :<\/p>\n<p>\u2022 La r\u00e9alisation de g\u00e9nie civil par PICO ?\u200d\u2642\ufe0f;<br \/>\n\u2022 Le montage de la passerelle m\u00e9tallique par BERTHOLD ?\ufe0f;<br \/>\n\u2022 La cr\u00e9ation de la rampe d\u2019acc\u00e8s c\u00f4t\u00e9 montagne par INEXENCE REALISATION OI ?\ufe0f.<\/p>\n<p>\u00c0 mi-chemin, nous sommes fiers de l\u2019avanc\u00e9e de ce chantier majeur et nous en profitons pour remercier nos co\u00e9quipiers de PICO &amp; BERTHOLD, ainsi que les \u00e9quipes de Ma\u00eetrise d\u2019\u0153uvre (Altitude 80 Architecture\/B+M\/EGIS) et de Ma\u00eetrise d\u2019ouvrage (CIVIS\/SPL GRAND SUD) ?.<\/p>\n<p>Les techniques de gabion in situ permettent une rapidit\u00e9 d\u2019ex\u00e9cution et un impact environnemental r\u00e9duit ?. Le projet pr\u00e9voit \u00e9galement un d\u00e9montage futur de la rampe avec r\u00e9emploi des mat\u00e9riaux gr\u00e2ce aux gabions, en fonction des besoins de la future ZAC Pierrefonds Village.<\/p>\n<p>Nos \u00e9quipes sont en mesure de r\u00e9aliser des ouvrages en un temps record tout en maintenant une qualit\u00e9 irr\u00e9prochable et une s\u00e9curit\u00e9 maximale ??.<\/p>\n<p>INEXENCE REALISATION OI, une \u00e9quipe comp\u00e9tente, efficace et disponible pour tous vos besoins.<\/p>\n<div style=\"width: 1170px;\" class=\"wp-video\"><!--[if lt IE 9]><script>document.createElement('video');<\/script><![endif]-->\n<video class=\"wp-video-shortcode\" id=\"video-1770-1\" width=\"1170\" height=\"827\" preload=\"metadata\" controls=\"controls\"><source type=\"video\/mp4\" src=\"https:\/\/actu.inexence.group\/wp-content\/uploads\/sites\/21\/2024\/08\/Une-belle-operation-sur-la-future-ZAC-Pierrefonds-Village.mp4?_=1\" \/><a href=\"https:\/\/actu.inexence.group\/wp-content\/uploads\/sites\/21\/2024\/08\/Une-belle-operation-sur-la-future-ZAC-Pierrefonds-Village.mp4\">https:\/\/actu.inexence.group\/wp-content\/uploads\/sites\/21\/2024\/08\/Une-belle-operation-sur-la-future-ZAC-Pierrefonds-Village.mp4<\/a><\/video><\/div>","protected":false},"excerpt":{"rendered":"<p>Nous sommes ravis de vous partager l&rsquo;\u00e9volution d&rsquo;une op\u00e9ration majeure en cours sur la ZAC Pierrefonds Village, avec la cr\u00e9ation d\u2019une passerelle pi\u00e9tonne et cyclable ?\u200d\u2642\ufe0f?\u200d\u2642\ufe0f enjambant la RN1 pour relier deux projets significatifs du Grand Sud : \u2022 C\u00f4t\u00e9 mer ? : La CIVIS d\u00e9veloppe une zone \u00e9conomique pr\u00e8s de l\u2019a\u00e9roport de Pierrefonds, la ZAC de Roland Hoareau. \u2022&hellip;<\/p>","protected":false},"author":5,"featured_media":1772,"comment_status":"closed","ping_status":"open","sticky":false,"template":"","format":"standard","meta":{"inline_featured_image":false,"footnotes":""},"categories":[62],"tags":[],"class_list":["post-1770","post","type-post","status-publish","format-standard","has-post-thumbnail","hentry","category-actualites"],"yoast_head":"<!-- This site is optimized with the Yoast SEO plugin v24.1 - https:\/\/yoast.com\/wordpress\/plugins\/seo\/ -->\n<title>? Une belle op\u00e9ration sur la future ZAC Pierrefonds Village ! - Actualit\u00e9s INEXENCE GROUP<\/title>\n<meta name=\"robots\" content=\"index, follow, max-snippet:-1, max-image-preview:large, max-video-preview:-1\" \/>\n<link rel=\"canonical\" href=\"https:\/\/actu.inexence.group\/en\/\ud83c\udf09-une-belle-operation-sur-la-future-zac-pierrefonds-village\/\" \/>\n<meta property=\"og:locale\" content=\"en_GB\" \/>\n<meta property=\"og:type\" content=\"article\" \/>\n<meta property=\"og:title\" content=\"? Une belle op\u00e9ration sur la future ZAC Pierrefonds Village ! - Actualit\u00e9s INEXENCE GROUP\" \/>\n<meta property=\"og:description\" content=\"Nous sommes ravis de vous partager l&rsquo;\u00e9volution d&rsquo;une op\u00e9ration majeure en cours sur la ZAC Pierrefonds Village, avec la cr\u00e9ation d\u2019une passerelle pi\u00e9tonne et cyclable ?\u200d\u2642\ufe0f?\u200d\u2642\ufe0f enjambant la RN1 pour relier deux projets significatifs du Grand Sud : \u2022 C\u00f4t\u00e9 mer ? : La CIVIS d\u00e9veloppe une zone \u00e9conomique pr\u00e8s de l\u2019a\u00e9roport de Pierrefonds, la ZAC de Roland Hoareau. \u2022&hellip;\" \/>\n<meta property=\"og:url\" content=\"https:\/\/actu.inexence.group\/en\/\ud83c\udf09-une-belle-operation-sur-la-future-zac-pierrefonds-village\/\" \/>\n<meta property=\"og:site_name\" content=\"Actualit\u00e9s INEXENCE GROUP\" \/>\n<meta property=\"article:published_time\" content=\"2024-06-28T07:50:22+00:00\" \/>\n<meta property=\"article:modified_time\" content=\"2024-08-31T18:36:37+00:00\" \/>\n<meta property=\"og:image\" content=\"https:\/\/actu.inexence.group\/wp-content\/uploads\/sites\/21\/2024\/08\/Une-belle-operation-sur-la-future-ZAC-Pierrefonds-Village.jpg\" \/>\n\t<meta property=\"og:image:width\" content=\"1138\" \/>\n\t<meta property=\"og:image:height\" content=\"640\" \/>\n\t<meta property=\"og:image:type\" content=\"image\/jpeg\" \/>\n<meta name=\"author\" content=\"Inexence Master\" \/>\n<meta name=\"twitter:card\" content=\"summary_large_image\" \/>\n<meta name=\"twitter:label1\" content=\"Written by\" \/>\n\t<meta name=\"twitter:data1\" content=\"Inexence Master\" \/>\n\t<meta name=\"twitter:label2\" content=\"Estimated reading time\" \/>\n\t<meta name=\"twitter:data2\" content=\"2 minutes\" \/>\n<script type=\"application\/ld+json\" class=\"yoast-schema-graph\">{\"@context\":\"https:\/\/schema.org\",\"@graph\":[{\"@type\":\"Article\",\"@id\":\"https:\/\/actu.inexence.group\/%f0%9f%8c%89-une-belle-operation-sur-la-future-zac-pierrefonds-village\/#article\",\"isPartOf\":{\"@id\":\"https:\/\/actu.inexence.group\/%f0%9f%8c%89-une-belle-operation-sur-la-future-zac-pierrefonds-village\/\"},\"author\":{\"name\":\"Inexence Master\",\"@id\":\"https:\/\/actu.inexence.group\/#\/schema\/person\/ad798c6138d08c04f63cacd36d90e907\"},\"headline\":\"? Une belle op\u00e9ration sur la future ZAC Pierrefonds Village !\",\"datePublished\":\"2024-06-28T07:50:22+00:00\",\"dateModified\":\"2024-08-31T18:36:37+00:00\",\"mainEntityOfPage\":{\"@id\":\"https:\/\/actu.inexence.group\/%f0%9f%8c%89-une-belle-operation-sur-la-future-zac-pierrefonds-village\/\"},\"wordCount\":298,\"publisher\":{\"@id\":\"https:\/\/actu.inexence.group\/#organization\"},\"image\":{\"@id\":\"https:\/\/actu.inexence.group\/%f0%9f%8c%89-une-belle-operation-sur-la-future-zac-pierrefonds-village\/#primaryimage\"},\"thumbnailUrl\":\"https:\/\/actu.inexence.group\/wp-content\/uploads\/sites\/21\/2024\/08\/Une-belle-operation-sur-la-future-ZAC-Pierrefonds-Village.jpg\",\"articleSection\":[\"Actualit\u00e9s\"],\"inLanguage\":\"en-GB\"},{\"@type\":\"WebPage\",\"@id\":\"https:\/\/actu.inexence.group\/%f0%9f%8c%89-une-belle-operation-sur-la-future-zac-pierrefonds-village\/\",\"url\":\"https:\/\/actu.inexence.group\/%f0%9f%8c%89-une-belle-operation-sur-la-future-zac-pierrefonds-village\/\",\"name\":\"? Une belle op\u00e9ration sur la future ZAC Pierrefonds Village ! - Actualit\u00e9s INEXENCE GROUP\",\"isPartOf\":{\"@id\":\"https:\/\/actu.inexence.group\/#website\"},\"primaryImageOfPage\":{\"@id\":\"https:\/\/actu.inexence.group\/%f0%9f%8c%89-une-belle-operation-sur-la-future-zac-pierrefonds-village\/#primaryimage\"},\"image\":{\"@id\":\"https:\/\/actu.inexence.group\/%f0%9f%8c%89-une-belle-operation-sur-la-future-zac-pierrefonds-village\/#primaryimage\"},\"thumbnailUrl\":\"https:\/\/actu.inexence.group\/wp-content\/uploads\/sites\/21\/2024\/08\/Une-belle-operation-sur-la-future-ZAC-Pierrefonds-Village.jpg\",\"datePublished\":\"2024-06-28T07:50:22+00:00\",\"dateModified\":\"2024-08-31T18:36:37+00:00\",\"breadcrumb\":{\"@id\":\"https:\/\/actu.inexence.group\/%f0%9f%8c%89-une-belle-operation-sur-la-future-zac-pierrefonds-village\/#breadcrumb\"},\"inLanguage\":\"en-GB\",\"potentialAction\":[{\"@type\":\"ReadAction\",\"target\":[\"https:\/\/actu.inexence.group\/%f0%9f%8c%89-une-belle-operation-sur-la-future-zac-pierrefonds-village\/\"]}]},{\"@type\":\"ImageObject\",\"inLanguage\":\"en-GB\",\"@id\":\"https:\/\/actu.inexence.group\/%f0%9f%8c%89-une-belle-operation-sur-la-future-zac-pierrefonds-village\/#primaryimage\",\"url\":\"https:\/\/actu.inexence.group\/wp-content\/uploads\/sites\/21\/2024\/08\/Une-belle-operation-sur-la-future-ZAC-Pierrefonds-Village.jpg\",\"contentUrl\":\"https:\/\/actu.inexence.group\/wp-content\/uploads\/sites\/21\/2024\/08\/Une-belle-operation-sur-la-future-ZAC-Pierrefonds-Village.jpg\",\"width\":1138,\"height\":640},{\"@type\":\"BreadcrumbList\",\"@id\":\"https:\/\/actu.inexence.group\/%f0%9f%8c%89-une-belle-operation-sur-la-future-zac-pierrefonds-village\/#breadcrumb\",\"itemListElement\":[{\"@type\":\"ListItem\",\"position\":1,\"name\":\"Accueil\",\"item\":\"https:\/\/actu.inexence.group\/\"},{\"@type\":\"ListItem\",\"position\":2,\"name\":\"Actualit\u00e9s\",\"item\":\"https:\/\/actu.inexence.group\/category\/actualites\/\"},{\"@type\":\"ListItem\",\"position\":3,\"name\":\"? Une belle op\u00e9ration sur la future ZAC Pierrefonds Village !\"}]},{\"@type\":\"WebSite\",\"@id\":\"https:\/\/actu.inexence.group\/#website\",\"url\":\"https:\/\/actu.inexence.group\/\",\"name\":\"Actualit\u00e9s INEXENCE GROUP\",\"description\":\"\",\"publisher\":{\"@id\":\"https:\/\/actu.inexence.group\/#organization\"},\"potentialAction\":[{\"@type\":\"SearchAction\",\"target\":{\"@type\":\"EntryPoint\",\"urlTemplate\":\"https:\/\/actu.inexence.group\/?s={search_term_string}\"},\"query-input\":{\"@type\":\"PropertyValueSpecification\",\"valueRequired\":true,\"valueName\":\"search_term_string\"}}],\"inLanguage\":\"en-GB\"},{\"@type\":\"Organization\",\"@id\":\"https:\/\/actu.inexence.group\/#organization\",\"name\":\"INEXENCE GROUP\",\"url\":\"https:\/\/actu.inexence.group\/\",\"logo\":{\"@type\":\"ImageObject\",\"inLanguage\":\"en-GB\",\"@id\":\"https:\/\/actu.inexence.group\/#\/schema\/logo\/image\/\",\"url\":\"https:\/\/actu.inexence.group\/wp-content\/uploads\/sites\/21\/2019\/07\/Logo-Inexence-OI.png\",\"contentUrl\":\"https:\/\/actu.inexence.group\/wp-content\/uploads\/sites\/21\/2019\/07\/Logo-Inexence-OI.png\",\"width\":1094,\"height\":930,\"caption\":\"INEXENCE GROUP\"},\"image\":{\"@id\":\"https:\/\/actu.inexence.group\/#\/schema\/logo\/image\/\"}},{\"@type\":\"Person\",\"@id\":\"https:\/\/actu.inexence.group\/#\/schema\/person\/ad798c6138d08c04f63cacd36d90e907\",\"name\":\"Inexence Master\",\"image\":{\"@type\":\"ImageObject\",\"inLanguage\":\"en-GB\",\"@id\":\"https:\/\/actu.inexence.group\/#\/schema\/person\/image\/\",\"url\":\"https:\/\/secure.gravatar.com\/avatar\/787aced39215d4147a02d141db7cf555?s=96&d=mm&r=g\",\"contentUrl\":\"https:\/\/secure.gravatar.com\/avatar\/787aced39215d4147a02d141db7cf555?s=96&d=mm&r=g\",\"caption\":\"Inexence Master\"}}]}<\/script>\n<!-- \/ Yoast SEO plugin. -->","yoast_head_json":{"title":"? Une belle op\u00e9ration sur la future ZAC Pierrefonds Village ! - Actualit\u00e9s INEXENCE GROUP","robots":{"index":"index","follow":"follow","max-snippet":"max-snippet:-1","max-image-preview":"max-image-preview:large","max-video-preview":"max-video-preview:-1"},"canonical":"https:\/\/actu.inexence.group\/en\/\ud83c\udf09-une-belle-operation-sur-la-future-zac-pierrefonds-village\/","og_locale":"en_GB","og_type":"article","og_title":"? Une belle op\u00e9ration sur la future ZAC Pierrefonds Village ! - Actualit\u00e9s INEXENCE GROUP","og_description":"Nous sommes ravis de vous partager l&rsquo;\u00e9volution d&rsquo;une op\u00e9ration majeure en cours sur la ZAC Pierrefonds Village, avec la cr\u00e9ation d\u2019une passerelle pi\u00e9tonne et cyclable ?\u200d\u2642\ufe0f?\u200d\u2642\ufe0f enjambant la RN1 pour relier deux projets significatifs du Grand Sud : \u2022 C\u00f4t\u00e9 mer ? : La CIVIS d\u00e9veloppe une zone \u00e9conomique pr\u00e8s de l\u2019a\u00e9roport de Pierrefonds, la ZAC de Roland Hoareau. \u2022&hellip;","og_url":"https:\/\/actu.inexence.group\/en\/\ud83c\udf09-une-belle-operation-sur-la-future-zac-pierrefonds-village\/","og_site_name":"Actualit\u00e9s INEXENCE GROUP","article_published_time":"2024-06-28T07:50:22+00:00","article_modified_time":"2024-08-31T18:36:37+00:00","og_image":[{"width":1138,"height":640,"url":"https:\/\/actu.inexence.group\/wp-content\/uploads\/sites\/21\/2024\/08\/Une-belle-operation-sur-la-future-ZAC-Pierrefonds-Village.jpg","type":"image\/jpeg"}],"author":"Inexence Master","twitter_card":"summary_large_image","twitter_misc":{"Written by":"Inexence Master","Estimated reading time":"2 minutes"},"schema":{"@context":"https:\/\/schema.org","@graph":[{"@type":"Article","@id":"https:\/\/actu.inexence.group\/%f0%9f%8c%89-une-belle-operation-sur-la-future-zac-pierrefonds-village\/#article","isPartOf":{"@id":"https:\/\/actu.inexence.group\/%f0%9f%8c%89-une-belle-operation-sur-la-future-zac-pierrefonds-village\/"},"author":{"name":"Inexence Master","@id":"https:\/\/actu.inexence.group\/#\/schema\/person\/ad798c6138d08c04f63cacd36d90e907"},"headline":"? Une belle op\u00e9ration sur la future ZAC Pierrefonds Village !","datePublished":"2024-06-28T07:50:22+00:00","dateModified":"2024-08-31T18:36:37+00:00","mainEntityOfPage":{"@id":"https:\/\/actu.inexence.group\/%f0%9f%8c%89-une-belle-operation-sur-la-future-zac-pierrefonds-village\/"},"wordCount":298,"publisher":{"@id":"https:\/\/actu.inexence.group\/#organization"},"image":{"@id":"https:\/\/actu.inexence.group\/%f0%9f%8c%89-une-belle-operation-sur-la-future-zac-pierrefonds-village\/#primaryimage"},"thumbnailUrl":"https:\/\/actu.inexence.group\/wp-content\/uploads\/sites\/21\/2024\/08\/Une-belle-operation-sur-la-future-ZAC-Pierrefonds-Village.jpg","articleSection":["Actualit\u00e9s"],"inLanguage":"en-GB"},{"@type":"WebPage","@id":"https:\/\/actu.inexence.group\/%f0%9f%8c%89-une-belle-operation-sur-la-future-zac-pierrefonds-village\/","url":"https:\/\/actu.inexence.group\/%f0%9f%8c%89-une-belle-operation-sur-la-future-zac-pierrefonds-village\/","name":"? Une belle op\u00e9ration sur la future ZAC Pierrefonds Village ! - Actualit\u00e9s INEXENCE GROUP","isPartOf":{"@id":"https:\/\/actu.inexence.group\/#website"},"primaryImageOfPage":{"@id":"https:\/\/actu.inexence.group\/%f0%9f%8c%89-une-belle-operation-sur-la-future-zac-pierrefonds-village\/#primaryimage"},"image":{"@id":"https:\/\/actu.inexence.group\/%f0%9f%8c%89-une-belle-operation-sur-la-future-zac-pierrefonds-village\/#primaryimage"},"thumbnailUrl":"https:\/\/actu.inexence.group\/wp-content\/uploads\/sites\/21\/2024\/08\/Une-belle-operation-sur-la-future-ZAC-Pierrefonds-Village.jpg","datePublished":"2024-06-28T07:50:22+00:00","dateModified":"2024-08-31T18:36:37+00:00","breadcrumb":{"@id":"https:\/\/actu.inexence.group\/%f0%9f%8c%89-une-belle-operation-sur-la-future-zac-pierrefonds-village\/#breadcrumb"},"inLanguage":"en-GB","potentialAction":[{"@type":"ReadAction","target":["https:\/\/actu.inexence.group\/%f0%9f%8c%89-une-belle-operation-sur-la-future-zac-pierrefonds-village\/"]}]},{"@type":"ImageObject","inLanguage":"en-GB","@id":"https:\/\/actu.inexence.group\/%f0%9f%8c%89-une-belle-operation-sur-la-future-zac-pierrefonds-village\/#primaryimage","url":"https:\/\/actu.inexence.group\/wp-content\/uploads\/sites\/21\/2024\/08\/Une-belle-operation-sur-la-future-ZAC-Pierrefonds-Village.jpg","contentUrl":"https:\/\/actu.inexence.group\/wp-content\/uploads\/sites\/21\/2024\/08\/Une-belle-operation-sur-la-future-ZAC-Pierrefonds-Village.jpg","width":1138,"height":640},{"@type":"BreadcrumbList","@id":"https:\/\/actu.inexence.group\/%f0%9f%8c%89-une-belle-operation-sur-la-future-zac-pierrefonds-village\/#breadcrumb","itemListElement":[{"@type":"ListItem","position":1,"name":"Accueil","item":"https:\/\/actu.inexence.group\/"},{"@type":"ListItem","position":2,"name":"Actualit\u00e9s","item":"https:\/\/actu.inexence.group\/category\/actualites\/"},{"@type":"ListItem","position":3,"name":"? Une belle op\u00e9ration sur la future ZAC Pierrefonds Village !"}]},{"@type":"WebSite","@id":"https:\/\/actu.inexence.group\/#website","url":"https:\/\/actu.inexence.group\/","name":"Actualit\u00e9s INEXENCE GROUP","description":"","publisher":{"@id":"https:\/\/actu.inexence.group\/#organization"},"potentialAction":[{"@type":"SearchAction","target":{"@type":"EntryPoint","urlTemplate":"https:\/\/actu.inexence.group\/?s={search_term_string}"},"query-input":{"@type":"PropertyValueSpecification","valueRequired":true,"valueName":"search_term_string"}}],"inLanguage":"en-GB"},{"@type":"Organization","@id":"https:\/\/actu.inexence.group\/#organization","name":"INEXENCE GROUP","url":"https:\/\/actu.inexence.group\/","logo":{"@type":"ImageObject","inLanguage":"en-GB","@id":"https:\/\/actu.inexence.group\/#\/schema\/logo\/image\/","url":"https:\/\/actu.inexence.group\/wp-content\/uploads\/sites\/21\/2019\/07\/Logo-Inexence-OI.png","contentUrl":"https:\/\/actu.inexence.group\/wp-content\/uploads\/sites\/21\/2019\/07\/Logo-Inexence-OI.png","width":1094,"height":930,"caption":"INEXENCE GROUP"},"image":{"@id":"https:\/\/actu.inexence.group\/#\/schema\/logo\/image\/"}},{"@type":"Person","@id":"https:\/\/actu.inexence.group\/#\/schema\/person\/ad798c6138d08c04f63cacd36d90e907","name":"Inexence Master","image":{"@type":"ImageObject","inLanguage":"en-GB","@id":"https:\/\/actu.inexence.group\/#\/schema\/person\/image\/","url":"https:\/\/secure.gravatar.com\/avatar\/787aced39215d4147a02d141db7cf555?s=96&d=mm&r=g","contentUrl":"https:\/\/secure.gravatar.com\/avatar\/787aced39215d4147a02d141db7cf555?s=96&d=mm&r=g","caption":"Inexence Master"}}]}},"_links":{"self":[{"href":"https:\/\/actu.inexence.group\/en\/wp-json\/wp\/v2\/posts\/1770","targetHints":{"allow":["GET"]}}],"collection":[{"href":"https:\/\/actu.inexence.group\/en\/wp-json\/wp\/v2\/posts"}],"about":[{"href":"https:\/\/actu.inexence.group\/en\/wp-json\/wp\/v2\/types\/post"}],"author":[{"embeddable":true,"href":"https:\/\/actu.inexence.group\/en\/wp-json\/wp\/v2\/users\/5"}],"replies":[{"embeddable":true,"href":"https:\/\/actu.inexence.group\/en\/wp-json\/wp\/v2\/comments?post=1770"}],"version-history":[{"count":0,"href":"https:\/\/actu.inexence.group\/en\/wp-json\/wp\/v2\/posts\/1770\/revisions"}],"wp:featuredmedia":[{"embeddable":true,"href":"https:\/\/actu.inexence.group\/en\/wp-json\/wp\/v2\/media\/1772"}],"wp:attachment":[{"href":"https:\/\/actu.inexence.group\/en\/wp-json\/wp\/v2\/media?parent=1770"}],"wp:term":[{"taxonomy":"category","embeddable":true,"href":"https:\/\/actu.inexence.group\/en\/wp-json\/wp\/v2\/categories?post=1770"},{"taxonomy":"post_tag","embeddable":true,"href":"https:\/\/actu.inexence.group\/en\/wp-json\/wp\/v2\/tags?post=1770"}],"curies":[{"name":"wp","href":"https:\/\/api.w.org\/{rel}","templated":true}]}}