{"id":1640,"date":"2023-03-30T11:16:19","date_gmt":"2023-03-30T09:16:19","guid":{"rendered":"https:\/\/actu.inexence.group\/?p=1640"},"modified":"2023-03-30T11:17:06","modified_gmt":"2023-03-30T09:17:06","slug":"inexence-realisation-afrique-sinstalle-a-cotonou","status":"publish","type":"post","link":"https:\/\/actu.inexence.group\/en\/inexence-realisation-afrique-sinstalle-a-cotonou\/","title":{"rendered":"INEXENCE R\u00c9ALISATION AFRIQUE s&rsquo;installe \u00e0 Cotonou"},"content":{"rendered":"<p>Nous sommes fiers d&rsquo;annoncer l&rsquo;ouverture de notre succursale \u00e0 Cotonou, au B\u00e9nin.<\/p>\n<p>L&rsquo;expertise INEXENCE R\u00c9ALISATION AFRIQUE dans les solutions douces de protection contre l&rsquo;\u00e9rosion, les solutions gabions, les am\u00e9nagements paysagers et les terrains de sport a d\u00e9j\u00e0 \u00e9t\u00e9 \u00e9prouv\u00e9e en C\u00f4te d&rsquo;Ivoire voisine. Achille Dossa et l&rsquo;ensemble des collaborateurs, sont pr\u00eats \u00e0 offrir nos services \u00e0 nos clients b\u00e9ninois et togolais, en leur fournissant des solutions de qualit\u00e9 adapt\u00e9es \u00e0 leurs besoins locaux. Nous sommes ravis de la proximit\u00e9 que cette succursale nous apportera avec nos clients, et nous sommes impatients de poursuivre notre engagement en faveur du d\u00e9veloppement durable en Afrique de l&rsquo;Ouest.<\/p>","protected":false},"excerpt":{"rendered":"<p>Nous sommes fiers d&rsquo;annoncer l&rsquo;ouverture de notre succursale \u00e0 Cotonou, au B\u00e9nin. L&rsquo;expertise INEXENCE R\u00c9ALISATION AFRIQUE dans les solutions douces de protection contre l&rsquo;\u00e9rosion, les solutions gabions, les am\u00e9nagements paysagers et les terrains de sport a d\u00e9j\u00e0 \u00e9t\u00e9 \u00e9prouv\u00e9e en C\u00f4te d&rsquo;Ivoire voisine. Achille Dossa et l&rsquo;ensemble des collaborateurs, sont pr\u00eats \u00e0 offrir nos services \u00e0 nos clients b\u00e9ninois et&hellip;<\/p>","protected":false},"author":1,"featured_media":1641,"comment_status":"closed","ping_status":"open","sticky":false,"template":"","format":"standard","meta":{"inline_featured_image":false,"footnotes":""},"categories":[62],"tags":[],"class_list":["post-1640","post","type-post","status-publish","format-standard","has-post-thumbnail","hentry","category-actualites"],"yoast_head":"<!-- This site is optimized with the Yoast SEO plugin v24.1 - https:\/\/yoast.com\/wordpress\/plugins\/seo\/ -->\n<title>INEXENCE R\u00c9ALISATION AFRIQUE s&#039;installe \u00e0 Cotonou - Actualit\u00e9s INEXENCE GROUP<\/title>\n<meta name=\"robots\" content=\"index, follow, max-snippet:-1, max-image-preview:large, max-video-preview:-1\" \/>\n<link rel=\"canonical\" href=\"https:\/\/actu.inexence.group\/en\/inexence-realisation-afrique-sinstalle-a-cotonou\/\" \/>\n<meta property=\"og:locale\" content=\"en_GB\" \/>\n<meta property=\"og:type\" content=\"article\" \/>\n<meta property=\"og:title\" content=\"INEXENCE R\u00c9ALISATION AFRIQUE s&#039;installe \u00e0 Cotonou - Actualit\u00e9s INEXENCE GROUP\" \/>\n<meta property=\"og:description\" content=\"Nous sommes fiers d&rsquo;annoncer l&rsquo;ouverture de notre succursale \u00e0 Cotonou, au B\u00e9nin. L&rsquo;expertise INEXENCE R\u00c9ALISATION AFRIQUE dans les solutions douces de protection contre l&rsquo;\u00e9rosion, les solutions gabions, les am\u00e9nagements paysagers et les terrains de sport a d\u00e9j\u00e0 \u00e9t\u00e9 \u00e9prouv\u00e9e en C\u00f4te d&rsquo;Ivoire voisine. Achille Dossa et l&rsquo;ensemble des collaborateurs, sont pr\u00eats \u00e0 offrir nos services \u00e0 nos clients b\u00e9ninois et&hellip;\" \/>\n<meta property=\"og:url\" content=\"https:\/\/actu.inexence.group\/en\/inexence-realisation-afrique-sinstalle-a-cotonou\/\" \/>\n<meta property=\"og:site_name\" content=\"Actualit\u00e9s INEXENCE GROUP\" \/>\n<meta property=\"article:published_time\" content=\"2023-03-30T09:16:19+00:00\" \/>\n<meta property=\"article:modified_time\" content=\"2023-03-30T09:17:06+00:00\" \/>\n<meta property=\"og:image\" content=\"https:\/\/actu.inexence.group\/wp-content\/uploads\/sites\/21\/2023\/03\/baniere.png\" \/>\n\t<meta property=\"og:image:width\" content=\"1000\" \/>\n\t<meta property=\"og:image:height\" content=\"563\" \/>\n\t<meta property=\"og:image:type\" content=\"image\/png\" \/>\n<meta name=\"twitter:card\" content=\"summary_large_image\" \/>\n<meta name=\"twitter:label1\" content=\"Written by\" \/>\n\t<meta name=\"twitter:data1\" content=\"\" \/>\n\t<meta name=\"twitter:label2\" content=\"Estimated reading time\" \/>\n\t<meta name=\"twitter:data2\" content=\"1 minute\" \/>\n<script type=\"application\/ld+json\" class=\"yoast-schema-graph\">{\"@context\":\"https:\/\/schema.org\",\"@graph\":[{\"@type\":\"Article\",\"@id\":\"https:\/\/actu.inexence.group\/inexence-realisation-afrique-sinstalle-a-cotonou\/#article\",\"isPartOf\":{\"@id\":\"https:\/\/actu.inexence.group\/inexence-realisation-afrique-sinstalle-a-cotonou\/\"},\"author\":{\"name\":\"\",\"@id\":\"\"},\"headline\":\"INEXENCE R\u00c9ALISATION AFRIQUE s&rsquo;installe \u00e0 Cotonou\",\"datePublished\":\"2023-03-30T09:16:19+00:00\",\"dateModified\":\"2023-03-30T09:17:06+00:00\",\"mainEntityOfPage\":{\"@id\":\"https:\/\/actu.inexence.group\/inexence-realisation-afrique-sinstalle-a-cotonou\/\"},\"wordCount\":117,\"publisher\":{\"@id\":\"https:\/\/actu.inexence.group\/#organization\"},\"image\":{\"@id\":\"https:\/\/actu.inexence.group\/inexence-realisation-afrique-sinstalle-a-cotonou\/#primaryimage\"},\"thumbnailUrl\":\"https:\/\/actu.inexence.group\/wp-content\/uploads\/sites\/21\/2023\/03\/baniere.png\",\"articleSection\":[\"Actualit\u00e9s\"],\"inLanguage\":\"en-GB\"},{\"@type\":\"WebPage\",\"@id\":\"https:\/\/actu.inexence.group\/inexence-realisation-afrique-sinstalle-a-cotonou\/\",\"url\":\"https:\/\/actu.inexence.group\/inexence-realisation-afrique-sinstalle-a-cotonou\/\",\"name\":\"INEXENCE R\u00c9ALISATION AFRIQUE s'installe \u00e0 Cotonou - Actualit\u00e9s INEXENCE GROUP\",\"isPartOf\":{\"@id\":\"https:\/\/actu.inexence.group\/#website\"},\"primaryImageOfPage\":{\"@id\":\"https:\/\/actu.inexence.group\/inexence-realisation-afrique-sinstalle-a-cotonou\/#primaryimage\"},\"image\":{\"@id\":\"https:\/\/actu.inexence.group\/inexence-realisation-afrique-sinstalle-a-cotonou\/#primaryimage\"},\"thumbnailUrl\":\"https:\/\/actu.inexence.group\/wp-content\/uploads\/sites\/21\/2023\/03\/baniere.png\",\"datePublished\":\"2023-03-30T09:16:19+00:00\",\"dateModified\":\"2023-03-30T09:17:06+00:00\",\"breadcrumb\":{\"@id\":\"https:\/\/actu.inexence.group\/inexence-realisation-afrique-sinstalle-a-cotonou\/#breadcrumb\"},\"inLanguage\":\"en-GB\",\"potentialAction\":[{\"@type\":\"ReadAction\",\"target\":[\"https:\/\/actu.inexence.group\/inexence-realisation-afrique-sinstalle-a-cotonou\/\"]}]},{\"@type\":\"ImageObject\",\"inLanguage\":\"en-GB\",\"@id\":\"https:\/\/actu.inexence.group\/inexence-realisation-afrique-sinstalle-a-cotonou\/#primaryimage\",\"url\":\"https:\/\/actu.inexence.group\/wp-content\/uploads\/sites\/21\/2023\/03\/baniere.png\",\"contentUrl\":\"https:\/\/actu.inexence.group\/wp-content\/uploads\/sites\/21\/2023\/03\/baniere.png\",\"width\":1000,\"height\":563},{\"@type\":\"BreadcrumbList\",\"@id\":\"https:\/\/actu.inexence.group\/inexence-realisation-afrique-sinstalle-a-cotonou\/#breadcrumb\",\"itemListElement\":[{\"@type\":\"ListItem\",\"position\":1,\"name\":\"Accueil\",\"item\":\"https:\/\/actu.inexence.group\/\"},{\"@type\":\"ListItem\",\"position\":2,\"name\":\"Actualit\u00e9s\",\"item\":\"https:\/\/actu.inexence.group\/category\/actualites\/\"},{\"@type\":\"ListItem\",\"position\":3,\"name\":\"INEXENCE R\u00c9ALISATION AFRIQUE s&rsquo;installe \u00e0 Cotonou\"}]},{\"@type\":\"WebSite\",\"@id\":\"https:\/\/actu.inexence.group\/#website\",\"url\":\"https:\/\/actu.inexence.group\/\",\"name\":\"Actualit\u00e9s INEXENCE GROUP\",\"description\":\"\",\"publisher\":{\"@id\":\"https:\/\/actu.inexence.group\/#organization\"},\"potentialAction\":[{\"@type\":\"SearchAction\",\"target\":{\"@type\":\"EntryPoint\",\"urlTemplate\":\"https:\/\/actu.inexence.group\/?s={search_term_string}\"},\"query-input\":{\"@type\":\"PropertyValueSpecification\",\"valueRequired\":true,\"valueName\":\"search_term_string\"}}],\"inLanguage\":\"en-GB\"},{\"@type\":\"Organization\",\"@id\":\"https:\/\/actu.inexence.group\/#organization\",\"name\":\"INEXENCE GROUP\",\"url\":\"https:\/\/actu.inexence.group\/\",\"logo\":{\"@type\":\"ImageObject\",\"inLanguage\":\"en-GB\",\"@id\":\"https:\/\/actu.inexence.group\/#\/schema\/logo\/image\/\",\"url\":\"https:\/\/actu.inexence.group\/wp-content\/uploads\/sites\/21\/2019\/07\/Logo-Inexence-OI.png\",\"contentUrl\":\"https:\/\/actu.inexence.group\/wp-content\/uploads\/sites\/21\/2019\/07\/Logo-Inexence-OI.png\",\"width\":1094,\"height\":930,\"caption\":\"INEXENCE GROUP\"},\"image\":{\"@id\":\"https:\/\/actu.inexence.group\/#\/schema\/logo\/image\/\"}},{\"@type\":\"Person\",\"@id\":\"\"}]}<\/script>\n<!-- \/ Yoast SEO plugin. -->","yoast_head_json":{"title":"INEXENCE R\u00c9ALISATION AFRIQUE s'installe \u00e0 Cotonou - Actualit\u00e9s INEXENCE GROUP","robots":{"index":"index","follow":"follow","max-snippet":"max-snippet:-1","max-image-preview":"max-image-preview:large","max-video-preview":"max-video-preview:-1"},"canonical":"https:\/\/actu.inexence.group\/en\/inexence-realisation-afrique-sinstalle-a-cotonou\/","og_locale":"en_GB","og_type":"article","og_title":"INEXENCE R\u00c9ALISATION AFRIQUE s'installe \u00e0 Cotonou - Actualit\u00e9s INEXENCE GROUP","og_description":"Nous sommes fiers d&rsquo;annoncer l&rsquo;ouverture de notre succursale \u00e0 Cotonou, au B\u00e9nin. L&rsquo;expertise INEXENCE R\u00c9ALISATION AFRIQUE dans les solutions douces de protection contre l&rsquo;\u00e9rosion, les solutions gabions, les am\u00e9nagements paysagers et les terrains de sport a d\u00e9j\u00e0 \u00e9t\u00e9 \u00e9prouv\u00e9e en C\u00f4te d&rsquo;Ivoire voisine. Achille Dossa et l&rsquo;ensemble des collaborateurs, sont pr\u00eats \u00e0 offrir nos services \u00e0 nos clients b\u00e9ninois et&hellip;","og_url":"https:\/\/actu.inexence.group\/en\/inexence-realisation-afrique-sinstalle-a-cotonou\/","og_site_name":"Actualit\u00e9s INEXENCE GROUP","article_published_time":"2023-03-30T09:16:19+00:00","article_modified_time":"2023-03-30T09:17:06+00:00","og_image":[{"width":1000,"height":563,"url":"https:\/\/actu.inexence.group\/wp-content\/uploads\/sites\/21\/2023\/03\/baniere.png","type":"image\/png"}],"twitter_card":"summary_large_image","twitter_misc":{"Written by":"","Estimated reading time":"1 minute"},"schema":{"@context":"https:\/\/schema.org","@graph":[{"@type":"Article","@id":"https:\/\/actu.inexence.group\/inexence-realisation-afrique-sinstalle-a-cotonou\/#article","isPartOf":{"@id":"https:\/\/actu.inexence.group\/inexence-realisation-afrique-sinstalle-a-cotonou\/"},"author":{"name":"","@id":""},"headline":"INEXENCE R\u00c9ALISATION AFRIQUE s&rsquo;installe \u00e0 Cotonou","datePublished":"2023-03-30T09:16:19+00:00","dateModified":"2023-03-30T09:17:06+00:00","mainEntityOfPage":{"@id":"https:\/\/actu.inexence.group\/inexence-realisation-afrique-sinstalle-a-cotonou\/"},"wordCount":117,"publisher":{"@id":"https:\/\/actu.inexence.group\/#organization"},"image":{"@id":"https:\/\/actu.inexence.group\/inexence-realisation-afrique-sinstalle-a-cotonou\/#primaryimage"},"thumbnailUrl":"https:\/\/actu.inexence.group\/wp-content\/uploads\/sites\/21\/2023\/03\/baniere.png","articleSection":["Actualit\u00e9s"],"inLanguage":"en-GB"},{"@type":"WebPage","@id":"https:\/\/actu.inexence.group\/inexence-realisation-afrique-sinstalle-a-cotonou\/","url":"https:\/\/actu.inexence.group\/inexence-realisation-afrique-sinstalle-a-cotonou\/","name":"INEXENCE R\u00c9ALISATION AFRIQUE s'installe \u00e0 Cotonou - Actualit\u00e9s INEXENCE GROUP","isPartOf":{"@id":"https:\/\/actu.inexence.group\/#website"},"primaryImageOfPage":{"@id":"https:\/\/actu.inexence.group\/inexence-realisation-afrique-sinstalle-a-cotonou\/#primaryimage"},"image":{"@id":"https:\/\/actu.inexence.group\/inexence-realisation-afrique-sinstalle-a-cotonou\/#primaryimage"},"thumbnailUrl":"https:\/\/actu.inexence.group\/wp-content\/uploads\/sites\/21\/2023\/03\/baniere.png","datePublished":"2023-03-30T09:16:19+00:00","dateModified":"2023-03-30T09:17:06+00:00","breadcrumb":{"@id":"https:\/\/actu.inexence.group\/inexence-realisation-afrique-sinstalle-a-cotonou\/#breadcrumb"},"inLanguage":"en-GB","potentialAction":[{"@type":"ReadAction","target":["https:\/\/actu.inexence.group\/inexence-realisation-afrique-sinstalle-a-cotonou\/"]}]},{"@type":"ImageObject","inLanguage":"en-GB","@id":"https:\/\/actu.inexence.group\/inexence-realisation-afrique-sinstalle-a-cotonou\/#primaryimage","url":"https:\/\/actu.inexence.group\/wp-content\/uploads\/sites\/21\/2023\/03\/baniere.png","contentUrl":"https:\/\/actu.inexence.group\/wp-content\/uploads\/sites\/21\/2023\/03\/baniere.png","width":1000,"height":563},{"@type":"BreadcrumbList","@id":"https:\/\/actu.inexence.group\/inexence-realisation-afrique-sinstalle-a-cotonou\/#breadcrumb","itemListElement":[{"@type":"ListItem","position":1,"name":"Accueil","item":"https:\/\/actu.inexence.group\/"},{"@type":"ListItem","position":2,"name":"Actualit\u00e9s","item":"https:\/\/actu.inexence.group\/category\/actualites\/"},{"@type":"ListItem","position":3,"name":"INEXENCE R\u00c9ALISATION AFRIQUE s&rsquo;installe \u00e0 Cotonou"}]},{"@type":"WebSite","@id":"https:\/\/actu.inexence.group\/#website","url":"https:\/\/actu.inexence.group\/","name":"Actualit\u00e9s INEXENCE GROUP","description":"","publisher":{"@id":"https:\/\/actu.inexence.group\/#organization"},"potentialAction":[{"@type":"SearchAction","target":{"@type":"EntryPoint","urlTemplate":"https:\/\/actu.inexence.group\/?s={search_term_string}"},"query-input":{"@type":"PropertyValueSpecification","valueRequired":true,"valueName":"search_term_string"}}],"inLanguage":"en-GB"},{"@type":"Organization","@id":"https:\/\/actu.inexence.group\/#organization","name":"INEXENCE GROUP","url":"https:\/\/actu.inexence.group\/","logo":{"@type":"ImageObject","inLanguage":"en-GB","@id":"https:\/\/actu.inexence.group\/#\/schema\/logo\/image\/","url":"https:\/\/actu.inexence.group\/wp-content\/uploads\/sites\/21\/2019\/07\/Logo-Inexence-OI.png","contentUrl":"https:\/\/actu.inexence.group\/wp-content\/uploads\/sites\/21\/2019\/07\/Logo-Inexence-OI.png","width":1094,"height":930,"caption":"INEXENCE GROUP"},"image":{"@id":"https:\/\/actu.inexence.group\/#\/schema\/logo\/image\/"}},{"@type":"Person","@id":""}]}},"_links":{"self":[{"href":"https:\/\/actu.inexence.group\/en\/wp-json\/wp\/v2\/posts\/1640","targetHints":{"allow":["GET"]}}],"collection":[{"href":"https:\/\/actu.inexence.group\/en\/wp-json\/wp\/v2\/posts"}],"about":[{"href":"https:\/\/actu.inexence.group\/en\/wp-json\/wp\/v2\/types\/post"}],"author":[{"embeddable":true,"href":"https:\/\/actu.inexence.group\/en\/wp-json\/wp\/v2\/users\/1"}],"replies":[{"embeddable":true,"href":"https:\/\/actu.inexence.group\/en\/wp-json\/wp\/v2\/comments?post=1640"}],"version-history":[{"count":0,"href":"https:\/\/actu.inexence.group\/en\/wp-json\/wp\/v2\/posts\/1640\/revisions"}],"wp:featuredmedia":[{"embeddable":true,"href":"https:\/\/actu.inexence.group\/en\/wp-json\/wp\/v2\/media\/1641"}],"wp:attachment":[{"href":"https:\/\/actu.inexence.group\/en\/wp-json\/wp\/v2\/media?parent=1640"}],"wp:term":[{"taxonomy":"category","embeddable":true,"href":"https:\/\/actu.inexence.group\/en\/wp-json\/wp\/v2\/categories?post=1640"},{"taxonomy":"post_tag","embeddable":true,"href":"https:\/\/actu.inexence.group\/en\/wp-json\/wp\/v2\/tags?post=1640"}],"curies":[{"name":"wp","href":"https:\/\/api.w.org\/{rel}","templated":true}]}}