{"id":1558,"date":"2021-12-11T16:29:14","date_gmt":"2021-12-11T15:29:14","guid":{"rendered":"https:\/\/actu.inexence.group\/?p=1558"},"modified":"2022-05-11T16:31:52","modified_gmt":"2022-05-11T14:31:52","slug":"premiere-journee-detude-regionale-au-parc-du-colosse-a-saint-andre","status":"publish","type":"post","link":"https:\/\/actu.inexence.group\/en\/premiere-journee-detude-regionale-au-parc-du-colosse-a-saint-andre\/","title":{"rendered":"Premi\u00e8re journ\u00e9e d\u2019\u00e9tude r\u00e9gionale au Parc du Colosse \u00e0 Saint-Andr\u00e9"},"content":{"rendered":"<p>? ?\u200d\u2642\ufe0f?\u200d\u2640\ufe0f Le 2 d\u00e9cembre dernier, l\u2019<a href=\"https:\/\/www.linkedin.com\/company\/andiiss\/\" data-attribute-index=\"0\" data-entity-hovercard-id=\"urn:li:fs_miniCompany:35557591\" data-entity-type=\"MINI_COMPANY\">ANDIISS<\/a>\u00a0974 (l&rsquo;Association Nationale des Directeurs et des Intervenants d&rsquo;Installations et des Services des Sports) de La R\u00e9union a tenu sa premi\u00e8re journ\u00e9e d\u2019\u00e9tude r\u00e9gionale au Parc du Colosse \u00e0 Saint-Andr\u00e9.<\/p>\n<p>? Gr\u00e2ce au partenariat \u00e9tabli entre ANDIISS 974 et INEXENCE SOLS CR\u00c9ATION\u00a0, nous avons pu renforcer les liens et d\u00e9velopper nos partages d\u2019exp\u00e9rience technique avec les Responsables des Directions des Services des Sports des collectivit\u00e9s r\u00e9unionnaises.<\/p>\n<p>? Soutenu par nos partenaires REGESPORTS, PITCH ONE et\u00a0<a href=\"https:\/\/www.linkedin.com\/company\/tarkett\/\" data-attribute-index=\"2\" data-entity-hovercard-id=\"urn:li:fs_miniCompany:11248\" data-entity-type=\"MINI_COMPANY\">Tarkett<\/a> nous avons ainsi partag\u00e9 notre expertise et nos travaux d\u2019innovation en mati\u00e8re de construction, r\u00e9habilitation et entretien de terrains de sport, \u00e0 rev\u00eatement naturel ou synth\u00e9tique.<\/p>\n<p>? Une marche en avant au profit des utilisateurs sportifs de tous niveaux, et de la qualit\u00e9 durable des \u00e9quipements construits par nos \u00e9quipes locales, pr\u00e9sentes et \u00e0 l\u2019\u00e9coute lors de cette journ\u00e9e.<\/p>\n<p><img loading=\"lazy\" decoding=\"async\" class=\"aligncenter size-full wp-image-1561\" src=\"https:\/\/actu.inexence.group\/wp-content\/uploads\/sites\/21\/2022\/05\/1639130537131.jpg\" alt=\"\" width=\"800\" height=\"600\" srcset=\"https:\/\/actu.inexence.group\/wp-content\/uploads\/sites\/21\/2022\/05\/1639130537131.jpg 800w, https:\/\/actu.inexence.group\/wp-content\/uploads\/sites\/21\/2022\/05\/1639130537131-300x225.jpg 300w, https:\/\/actu.inexence.group\/wp-content\/uploads\/sites\/21\/2022\/05\/1639130537131-768x576.jpg 768w, https:\/\/actu.inexence.group\/wp-content\/uploads\/sites\/21\/2022\/05\/1639130537131-370x278.jpg 370w, https:\/\/actu.inexence.group\/wp-content\/uploads\/sites\/21\/2022\/05\/1639130537131-760x570.jpg 760w\" sizes=\"auto, (max-width: 800px) 100vw, 800px\" \/><img loading=\"lazy\" decoding=\"async\" class=\"aligncenter size-full wp-image-1560\" src=\"https:\/\/actu.inexence.group\/wp-content\/uploads\/sites\/21\/2022\/05\/1639130537128.jpg\" alt=\"\" width=\"800\" height=\"1066\" srcset=\"https:\/\/actu.inexence.group\/wp-content\/uploads\/sites\/21\/2022\/05\/1639130537128.jpg 800w, https:\/\/actu.inexence.group\/wp-content\/uploads\/sites\/21\/2022\/05\/1639130537128-225x300.jpg 225w, https:\/\/actu.inexence.group\/wp-content\/uploads\/sites\/21\/2022\/05\/1639130537128-768x1023.jpg 768w, https:\/\/actu.inexence.group\/wp-content\/uploads\/sites\/21\/2022\/05\/1639130537128-370x493.jpg 370w, https:\/\/actu.inexence.group\/wp-content\/uploads\/sites\/21\/2022\/05\/1639130537128-760x1013.jpg 760w\" sizes=\"auto, (max-width: 800px) 100vw, 800px\" \/>1<\/p>","protected":false},"excerpt":{"rendered":"<p>? ?\u200d\u2642\ufe0f?\u200d\u2640\ufe0f Le 2 d\u00e9cembre dernier, l\u2019ANDIISS\u00a0974 (l&rsquo;Association Nationale des Directeurs et des Intervenants d&rsquo;Installations et des Services des Sports) de La R\u00e9union a tenu sa premi\u00e8re journ\u00e9e d\u2019\u00e9tude r\u00e9gionale au Parc du Colosse \u00e0 Saint-Andr\u00e9. ? Gr\u00e2ce au partenariat \u00e9tabli entre ANDIISS 974 et INEXENCE SOLS CR\u00c9ATION\u00a0, nous avons pu renforcer les liens et d\u00e9velopper nos partages d\u2019exp\u00e9rience technique&hellip;<\/p>","protected":false},"author":1,"featured_media":1559,"comment_status":"open","ping_status":"open","sticky":false,"template":"","format":"standard","meta":{"inline_featured_image":false,"footnotes":""},"categories":[62],"tags":[],"class_list":["post-1558","post","type-post","status-publish","format-standard","has-post-thumbnail","hentry","category-actualites"],"yoast_head":"<!-- This site is optimized with the Yoast SEO plugin v24.1 - https:\/\/yoast.com\/wordpress\/plugins\/seo\/ -->\n<title>Premi\u00e8re journ\u00e9e d\u2019\u00e9tude r\u00e9gionale au Parc du Colosse \u00e0 Saint-Andr\u00e9 - Actualit\u00e9s INEXENCE GROUP<\/title>\n<meta name=\"robots\" content=\"index, follow, max-snippet:-1, max-image-preview:large, max-video-preview:-1\" \/>\n<link rel=\"canonical\" href=\"https:\/\/actu.inexence.group\/en\/premiere-journee-detude-regionale-au-parc-du-colosse-a-saint-andre\/\" \/>\n<meta property=\"og:locale\" content=\"en_GB\" \/>\n<meta property=\"og:type\" content=\"article\" \/>\n<meta property=\"og:title\" content=\"Premi\u00e8re journ\u00e9e d\u2019\u00e9tude r\u00e9gionale au Parc du Colosse \u00e0 Saint-Andr\u00e9 - Actualit\u00e9s INEXENCE GROUP\" \/>\n<meta property=\"og:description\" content=\"? ?\u200d\u2642\ufe0f?\u200d\u2640\ufe0f Le 2 d\u00e9cembre dernier, l\u2019ANDIISS\u00a0974 (l&rsquo;Association Nationale des Directeurs et des Intervenants d&rsquo;Installations et des Services des Sports) de La R\u00e9union a tenu sa premi\u00e8re journ\u00e9e d\u2019\u00e9tude r\u00e9gionale au Parc du Colosse \u00e0 Saint-Andr\u00e9. ? Gr\u00e2ce au partenariat \u00e9tabli entre ANDIISS 974 et INEXENCE SOLS CR\u00c9ATION\u00a0, nous avons pu renforcer les liens et d\u00e9velopper nos partages d\u2019exp\u00e9rience technique&hellip;\" \/>\n<meta property=\"og:url\" content=\"https:\/\/actu.inexence.group\/en\/premiere-journee-detude-regionale-au-parc-du-colosse-a-saint-andre\/\" \/>\n<meta property=\"og:site_name\" content=\"Actualit\u00e9s INEXENCE GROUP\" \/>\n<meta property=\"article:published_time\" content=\"2021-12-11T15:29:14+00:00\" \/>\n<meta property=\"article:modified_time\" content=\"2022-05-11T14:31:52+00:00\" \/>\n<meta property=\"og:image\" content=\"https:\/\/actu.inexence.group\/wp-content\/uploads\/sites\/21\/2022\/05\/1639130537066.jpg\" \/>\n\t<meta property=\"og:image:width\" content=\"800\" \/>\n\t<meta property=\"og:image:height\" content=\"450\" \/>\n\t<meta property=\"og:image:type\" content=\"image\/jpeg\" \/>\n<meta name=\"twitter:card\" content=\"summary_large_image\" \/>\n<meta name=\"twitter:label1\" content=\"Written by\" \/>\n\t<meta name=\"twitter:data1\" content=\"\" \/>\n\t<meta name=\"twitter:label2\" content=\"Estimated reading time\" \/>\n\t<meta name=\"twitter:data2\" content=\"2 minutes\" \/>\n<script type=\"application\/ld+json\" class=\"yoast-schema-graph\">{\"@context\":\"https:\/\/schema.org\",\"@graph\":[{\"@type\":\"Article\",\"@id\":\"https:\/\/actu.inexence.group\/premiere-journee-detude-regionale-au-parc-du-colosse-a-saint-andre\/#article\",\"isPartOf\":{\"@id\":\"https:\/\/actu.inexence.group\/premiere-journee-detude-regionale-au-parc-du-colosse-a-saint-andre\/\"},\"author\":{\"name\":\"\",\"@id\":\"\"},\"headline\":\"Premi\u00e8re journ\u00e9e d\u2019\u00e9tude r\u00e9gionale au Parc du Colosse \u00e0 Saint-Andr\u00e9\",\"datePublished\":\"2021-12-11T15:29:14+00:00\",\"dateModified\":\"2022-05-11T14:31:52+00:00\",\"mainEntityOfPage\":{\"@id\":\"https:\/\/actu.inexence.group\/premiere-journee-detude-regionale-au-parc-du-colosse-a-saint-andre\/\"},\"wordCount\":166,\"commentCount\":0,\"publisher\":{\"@id\":\"https:\/\/actu.inexence.group\/#organization\"},\"image\":{\"@id\":\"https:\/\/actu.inexence.group\/premiere-journee-detude-regionale-au-parc-du-colosse-a-saint-andre\/#primaryimage\"},\"thumbnailUrl\":\"https:\/\/actu.inexence.group\/wp-content\/uploads\/sites\/21\/2022\/05\/1639130537066.jpg\",\"articleSection\":[\"Actualit\u00e9s\"],\"inLanguage\":\"en-GB\",\"potentialAction\":[{\"@type\":\"CommentAction\",\"name\":\"Comment\",\"target\":[\"https:\/\/actu.inexence.group\/premiere-journee-detude-regionale-au-parc-du-colosse-a-saint-andre\/#respond\"]}]},{\"@type\":\"WebPage\",\"@id\":\"https:\/\/actu.inexence.group\/premiere-journee-detude-regionale-au-parc-du-colosse-a-saint-andre\/\",\"url\":\"https:\/\/actu.inexence.group\/premiere-journee-detude-regionale-au-parc-du-colosse-a-saint-andre\/\",\"name\":\"Premi\u00e8re journ\u00e9e d\u2019\u00e9tude r\u00e9gionale au Parc du Colosse \u00e0 Saint-Andr\u00e9 - Actualit\u00e9s INEXENCE GROUP\",\"isPartOf\":{\"@id\":\"https:\/\/actu.inexence.group\/#website\"},\"primaryImageOfPage\":{\"@id\":\"https:\/\/actu.inexence.group\/premiere-journee-detude-regionale-au-parc-du-colosse-a-saint-andre\/#primaryimage\"},\"image\":{\"@id\":\"https:\/\/actu.inexence.group\/premiere-journee-detude-regionale-au-parc-du-colosse-a-saint-andre\/#primaryimage\"},\"thumbnailUrl\":\"https:\/\/actu.inexence.group\/wp-content\/uploads\/sites\/21\/2022\/05\/1639130537066.jpg\",\"datePublished\":\"2021-12-11T15:29:14+00:00\",\"dateModified\":\"2022-05-11T14:31:52+00:00\",\"breadcrumb\":{\"@id\":\"https:\/\/actu.inexence.group\/premiere-journee-detude-regionale-au-parc-du-colosse-a-saint-andre\/#breadcrumb\"},\"inLanguage\":\"en-GB\",\"potentialAction\":[{\"@type\":\"ReadAction\",\"target\":[\"https:\/\/actu.inexence.group\/premiere-journee-detude-regionale-au-parc-du-colosse-a-saint-andre\/\"]}]},{\"@type\":\"ImageObject\",\"inLanguage\":\"en-GB\",\"@id\":\"https:\/\/actu.inexence.group\/premiere-journee-detude-regionale-au-parc-du-colosse-a-saint-andre\/#primaryimage\",\"url\":\"https:\/\/actu.inexence.group\/wp-content\/uploads\/sites\/21\/2022\/05\/1639130537066.jpg\",\"contentUrl\":\"https:\/\/actu.inexence.group\/wp-content\/uploads\/sites\/21\/2022\/05\/1639130537066.jpg\",\"width\":800,\"height\":450},{\"@type\":\"BreadcrumbList\",\"@id\":\"https:\/\/actu.inexence.group\/premiere-journee-detude-regionale-au-parc-du-colosse-a-saint-andre\/#breadcrumb\",\"itemListElement\":[{\"@type\":\"ListItem\",\"position\":1,\"name\":\"Accueil\",\"item\":\"https:\/\/actu.inexence.group\/\"},{\"@type\":\"ListItem\",\"position\":2,\"name\":\"Actualit\u00e9s\",\"item\":\"https:\/\/actu.inexence.group\/category\/actualites\/\"},{\"@type\":\"ListItem\",\"position\":3,\"name\":\"Premi\u00e8re journ\u00e9e d\u2019\u00e9tude r\u00e9gionale au Parc du Colosse \u00e0 Saint-Andr\u00e9\"}]},{\"@type\":\"WebSite\",\"@id\":\"https:\/\/actu.inexence.group\/#website\",\"url\":\"https:\/\/actu.inexence.group\/\",\"name\":\"Actualit\u00e9s INEXENCE GROUP\",\"description\":\"\",\"publisher\":{\"@id\":\"https:\/\/actu.inexence.group\/#organization\"},\"potentialAction\":[{\"@type\":\"SearchAction\",\"target\":{\"@type\":\"EntryPoint\",\"urlTemplate\":\"https:\/\/actu.inexence.group\/?s={search_term_string}\"},\"query-input\":{\"@type\":\"PropertyValueSpecification\",\"valueRequired\":true,\"valueName\":\"search_term_string\"}}],\"inLanguage\":\"en-GB\"},{\"@type\":\"Organization\",\"@id\":\"https:\/\/actu.inexence.group\/#organization\",\"name\":\"INEXENCE GROUP\",\"url\":\"https:\/\/actu.inexence.group\/\",\"logo\":{\"@type\":\"ImageObject\",\"inLanguage\":\"en-GB\",\"@id\":\"https:\/\/actu.inexence.group\/#\/schema\/logo\/image\/\",\"url\":\"https:\/\/actu.inexence.group\/wp-content\/uploads\/sites\/21\/2019\/07\/Logo-Inexence-OI.png\",\"contentUrl\":\"https:\/\/actu.inexence.group\/wp-content\/uploads\/sites\/21\/2019\/07\/Logo-Inexence-OI.png\",\"width\":1094,\"height\":930,\"caption\":\"INEXENCE GROUP\"},\"image\":{\"@id\":\"https:\/\/actu.inexence.group\/#\/schema\/logo\/image\/\"}},{\"@type\":\"Person\",\"@id\":\"\"}]}<\/script>\n<!-- \/ Yoast SEO plugin. -->","yoast_head_json":{"title":"Premi\u00e8re journ\u00e9e d\u2019\u00e9tude r\u00e9gionale au Parc du Colosse \u00e0 Saint-Andr\u00e9 - Actualit\u00e9s INEXENCE GROUP","robots":{"index":"index","follow":"follow","max-snippet":"max-snippet:-1","max-image-preview":"max-image-preview:large","max-video-preview":"max-video-preview:-1"},"canonical":"https:\/\/actu.inexence.group\/en\/premiere-journee-detude-regionale-au-parc-du-colosse-a-saint-andre\/","og_locale":"en_GB","og_type":"article","og_title":"Premi\u00e8re journ\u00e9e d\u2019\u00e9tude r\u00e9gionale au Parc du Colosse \u00e0 Saint-Andr\u00e9 - Actualit\u00e9s INEXENCE GROUP","og_description":"? ?\u200d\u2642\ufe0f?\u200d\u2640\ufe0f Le 2 d\u00e9cembre dernier, l\u2019ANDIISS\u00a0974 (l&rsquo;Association Nationale des Directeurs et des Intervenants d&rsquo;Installations et des Services des Sports) de La R\u00e9union a tenu sa premi\u00e8re journ\u00e9e d\u2019\u00e9tude r\u00e9gionale au Parc du Colosse \u00e0 Saint-Andr\u00e9. ? Gr\u00e2ce au partenariat \u00e9tabli entre ANDIISS 974 et INEXENCE SOLS CR\u00c9ATION\u00a0, nous avons pu renforcer les liens et d\u00e9velopper nos partages d\u2019exp\u00e9rience technique&hellip;","og_url":"https:\/\/actu.inexence.group\/en\/premiere-journee-detude-regionale-au-parc-du-colosse-a-saint-andre\/","og_site_name":"Actualit\u00e9s INEXENCE GROUP","article_published_time":"2021-12-11T15:29:14+00:00","article_modified_time":"2022-05-11T14:31:52+00:00","og_image":[{"width":800,"height":450,"url":"https:\/\/actu.inexence.group\/wp-content\/uploads\/sites\/21\/2022\/05\/1639130537066.jpg","type":"image\/jpeg"}],"twitter_card":"summary_large_image","twitter_misc":{"Written by":"","Estimated reading time":"2 minutes"},"schema":{"@context":"https:\/\/schema.org","@graph":[{"@type":"Article","@id":"https:\/\/actu.inexence.group\/premiere-journee-detude-regionale-au-parc-du-colosse-a-saint-andre\/#article","isPartOf":{"@id":"https:\/\/actu.inexence.group\/premiere-journee-detude-regionale-au-parc-du-colosse-a-saint-andre\/"},"author":{"name":"","@id":""},"headline":"Premi\u00e8re journ\u00e9e d\u2019\u00e9tude r\u00e9gionale au Parc du Colosse \u00e0 Saint-Andr\u00e9","datePublished":"2021-12-11T15:29:14+00:00","dateModified":"2022-05-11T14:31:52+00:00","mainEntityOfPage":{"@id":"https:\/\/actu.inexence.group\/premiere-journee-detude-regionale-au-parc-du-colosse-a-saint-andre\/"},"wordCount":166,"commentCount":0,"publisher":{"@id":"https:\/\/actu.inexence.group\/#organization"},"image":{"@id":"https:\/\/actu.inexence.group\/premiere-journee-detude-regionale-au-parc-du-colosse-a-saint-andre\/#primaryimage"},"thumbnailUrl":"https:\/\/actu.inexence.group\/wp-content\/uploads\/sites\/21\/2022\/05\/1639130537066.jpg","articleSection":["Actualit\u00e9s"],"inLanguage":"en-GB","potentialAction":[{"@type":"CommentAction","name":"Comment","target":["https:\/\/actu.inexence.group\/premiere-journee-detude-regionale-au-parc-du-colosse-a-saint-andre\/#respond"]}]},{"@type":"WebPage","@id":"https:\/\/actu.inexence.group\/premiere-journee-detude-regionale-au-parc-du-colosse-a-saint-andre\/","url":"https:\/\/actu.inexence.group\/premiere-journee-detude-regionale-au-parc-du-colosse-a-saint-andre\/","name":"Premi\u00e8re journ\u00e9e d\u2019\u00e9tude r\u00e9gionale au Parc du Colosse \u00e0 Saint-Andr\u00e9 - Actualit\u00e9s INEXENCE GROUP","isPartOf":{"@id":"https:\/\/actu.inexence.group\/#website"},"primaryImageOfPage":{"@id":"https:\/\/actu.inexence.group\/premiere-journee-detude-regionale-au-parc-du-colosse-a-saint-andre\/#primaryimage"},"image":{"@id":"https:\/\/actu.inexence.group\/premiere-journee-detude-regionale-au-parc-du-colosse-a-saint-andre\/#primaryimage"},"thumbnailUrl":"https:\/\/actu.inexence.group\/wp-content\/uploads\/sites\/21\/2022\/05\/1639130537066.jpg","datePublished":"2021-12-11T15:29:14+00:00","dateModified":"2022-05-11T14:31:52+00:00","breadcrumb":{"@id":"https:\/\/actu.inexence.group\/premiere-journee-detude-regionale-au-parc-du-colosse-a-saint-andre\/#breadcrumb"},"inLanguage":"en-GB","potentialAction":[{"@type":"ReadAction","target":["https:\/\/actu.inexence.group\/premiere-journee-detude-regionale-au-parc-du-colosse-a-saint-andre\/"]}]},{"@type":"ImageObject","inLanguage":"en-GB","@id":"https:\/\/actu.inexence.group\/premiere-journee-detude-regionale-au-parc-du-colosse-a-saint-andre\/#primaryimage","url":"https:\/\/actu.inexence.group\/wp-content\/uploads\/sites\/21\/2022\/05\/1639130537066.jpg","contentUrl":"https:\/\/actu.inexence.group\/wp-content\/uploads\/sites\/21\/2022\/05\/1639130537066.jpg","width":800,"height":450},{"@type":"BreadcrumbList","@id":"https:\/\/actu.inexence.group\/premiere-journee-detude-regionale-au-parc-du-colosse-a-saint-andre\/#breadcrumb","itemListElement":[{"@type":"ListItem","position":1,"name":"Accueil","item":"https:\/\/actu.inexence.group\/"},{"@type":"ListItem","position":2,"name":"Actualit\u00e9s","item":"https:\/\/actu.inexence.group\/category\/actualites\/"},{"@type":"ListItem","position":3,"name":"Premi\u00e8re journ\u00e9e d\u2019\u00e9tude r\u00e9gionale au Parc du Colosse \u00e0 Saint-Andr\u00e9"}]},{"@type":"WebSite","@id":"https:\/\/actu.inexence.group\/#website","url":"https:\/\/actu.inexence.group\/","name":"Actualit\u00e9s INEXENCE GROUP","description":"","publisher":{"@id":"https:\/\/actu.inexence.group\/#organization"},"potentialAction":[{"@type":"SearchAction","target":{"@type":"EntryPoint","urlTemplate":"https:\/\/actu.inexence.group\/?s={search_term_string}"},"query-input":{"@type":"PropertyValueSpecification","valueRequired":true,"valueName":"search_term_string"}}],"inLanguage":"en-GB"},{"@type":"Organization","@id":"https:\/\/actu.inexence.group\/#organization","name":"INEXENCE GROUP","url":"https:\/\/actu.inexence.group\/","logo":{"@type":"ImageObject","inLanguage":"en-GB","@id":"https:\/\/actu.inexence.group\/#\/schema\/logo\/image\/","url":"https:\/\/actu.inexence.group\/wp-content\/uploads\/sites\/21\/2019\/07\/Logo-Inexence-OI.png","contentUrl":"https:\/\/actu.inexence.group\/wp-content\/uploads\/sites\/21\/2019\/07\/Logo-Inexence-OI.png","width":1094,"height":930,"caption":"INEXENCE GROUP"},"image":{"@id":"https:\/\/actu.inexence.group\/#\/schema\/logo\/image\/"}},{"@type":"Person","@id":""}]}},"_links":{"self":[{"href":"https:\/\/actu.inexence.group\/en\/wp-json\/wp\/v2\/posts\/1558","targetHints":{"allow":["GET"]}}],"collection":[{"href":"https:\/\/actu.inexence.group\/en\/wp-json\/wp\/v2\/posts"}],"about":[{"href":"https:\/\/actu.inexence.group\/en\/wp-json\/wp\/v2\/types\/post"}],"author":[{"embeddable":true,"href":"https:\/\/actu.inexence.group\/en\/wp-json\/wp\/v2\/users\/1"}],"replies":[{"embeddable":true,"href":"https:\/\/actu.inexence.group\/en\/wp-json\/wp\/v2\/comments?post=1558"}],"version-history":[{"count":0,"href":"https:\/\/actu.inexence.group\/en\/wp-json\/wp\/v2\/posts\/1558\/revisions"}],"wp:featuredmedia":[{"embeddable":true,"href":"https:\/\/actu.inexence.group\/en\/wp-json\/wp\/v2\/media\/1559"}],"wp:attachment":[{"href":"https:\/\/actu.inexence.group\/en\/wp-json\/wp\/v2\/media?parent=1558"}],"wp:term":[{"taxonomy":"category","embeddable":true,"href":"https:\/\/actu.inexence.group\/en\/wp-json\/wp\/v2\/categories?post=1558"},{"taxonomy":"post_tag","embeddable":true,"href":"https:\/\/actu.inexence.group\/en\/wp-json\/wp\/v2\/tags?post=1558"}],"curies":[{"name":"wp","href":"https:\/\/api.w.org\/{rel}","templated":true}]}}